{"id":281,"date":"2016-09-10T13:08:35","date_gmt":"2016-09-10T13:08:35","guid":{"rendered":"http:\/\/kastanienhof-langendamm.de\/?p=281"},"modified":"2020-09-21T07:53:11","modified_gmt":"2020-09-21T07:53:11","slug":"die-kranichsaison-hat-begonnen","status":"publish","type":"post","link":"https:\/\/kastanienhof-langendamm.de\/?p=281","title":{"rendered":"Die Kranichsaison hat begonnen"},"content":{"rendered":"<p>Heute morgen landeten die ersten Kraniche dieser Herbstsaison auf den Feldern hinter dem Ferienhaus Kastanienhof. In Sichtweite vom Geh\u00f6ft lie\u00dfen sich knapp hundert &#8222;V\u00f6gel des Gl\u00fccks&#8220; nieder, um nach Nahrung zu suchen.<\/p>\n<div id=\"attachment_283\" style=\"width: 2058px\" class=\"wp-caption aligncenter\"><a href=\"http:\/\/kastanienhof-langendamm.de\/wp-content\/uploads\/2016\/09\/Ferienhaus-Kastanienhof-Langendamm-Kraniche-Ostsee-2.jpg\"><img aria-describedby=\"caption-attachment-283\" decoding=\"async\" loading=\"lazy\" class=\"size-full wp-image-283\" src=\"http:\/\/kastanienhof-langendamm.de\/wp-content\/uploads\/2016\/09\/Ferienhaus-Kastanienhof-Langendamm-Kraniche-Ostsee-2.jpg\" alt=\"OLYMPUS DIGITAL CAMERA\" width=\"2048\" height=\"1536\" srcset=\"https:\/\/kastanienhof-langendamm.de\/wp-content\/uploads\/2016\/09\/Ferienhaus-Kastanienhof-Langendamm-Kraniche-Ostsee-2.jpg 2048w, https:\/\/kastanienhof-langendamm.de\/wp-content\/uploads\/2016\/09\/Ferienhaus-Kastanienhof-Langendamm-Kraniche-Ostsee-2-300x225.jpg 300w, https:\/\/kastanienhof-langendamm.de\/wp-content\/uploads\/2016\/09\/Ferienhaus-Kastanienhof-Langendamm-Kraniche-Ostsee-2-768x576.jpg 768w, https:\/\/kastanienhof-langendamm.de\/wp-content\/uploads\/2016\/09\/Ferienhaus-Kastanienhof-Langendamm-Kraniche-Ostsee-2-1440x1080.jpg 1440w, https:\/\/kastanienhof-langendamm.de\/wp-content\/uploads\/2016\/09\/Ferienhaus-Kastanienhof-Langendamm-Kraniche-Ostsee-2-507x380.jpg 507w\" sizes=\"(max-width: 2048px) 100vw, 2048px\" \/><\/a><p id=\"caption-attachment-283\" class=\"wp-caption-text\">Kraniche hinter dem Kastanienhof<\/p><\/div>\n<p><span>Jedes Jahr im Fr\u00fchjahr und besonders im Herbst landen die Kraniche auf den Feldern hinter dem Kastanienhof. In Sichtweite vom Garten lassen sie sich beobachten. Ein Fernglas leihen wir Ihnen gern aus. Inzwischen \u00fcberwintern sogar einige Paare hier.<\/span><\/p>\n<p><a style=\"background-color: initial;\" href=\"http:\/\/kastanienhof-langendamm.de\/wp-content\/uploads\/2016\/09\/Ferienhaus-Kastanienhof-Langendamm-Kraniche-Ostsee-1.jpg\"><img decoding=\"async\" loading=\"lazy\" class=\"size-full wp-image-284\" src=\"http:\/\/kastanienhof-langendamm.de\/wp-content\/uploads\/2016\/09\/Ferienhaus-Kastanienhof-Langendamm-Kraniche-Ostsee-1.jpg\" alt=\"OLYMPUS DIGITAL CAMERA\" width=\"2048\" height=\"1536\" srcset=\"https:\/\/kastanienhof-langendamm.de\/wp-content\/uploads\/2016\/09\/Ferienhaus-Kastanienhof-Langendamm-Kraniche-Ostsee-1.jpg 2048w, https:\/\/kastanienhof-langendamm.de\/wp-content\/uploads\/2016\/09\/Ferienhaus-Kastanienhof-Langendamm-Kraniche-Ostsee-1-300x225.jpg 300w, https:\/\/kastanienhof-langendamm.de\/wp-content\/uploads\/2016\/09\/Ferienhaus-Kastanienhof-Langendamm-Kraniche-Ostsee-1-768x576.jpg 768w, https:\/\/kastanienhof-langendamm.de\/wp-content\/uploads\/2016\/09\/Ferienhaus-Kastanienhof-Langendamm-Kraniche-Ostsee-1-1440x1080.jpg 1440w, https:\/\/kastanienhof-langendamm.de\/wp-content\/uploads\/2016\/09\/Ferienhaus-Kastanienhof-Langendamm-Kraniche-Ostsee-1-507x380.jpg 507w\" sizes=\"(max-width: 2048px) 100vw, 2048px\" \/><\/a><\/p>\n<p>Kraniche auf einem Feld beim KastanienhofDie Gro\u00dfregion der Vorpommerschen Boddenlandschaft ist eines der gr\u00f6\u00dften Rastgebiete f\u00fcr die Kraniche, die aus Osteuropa und Skandinavien auf dem Weg nach Nordafrika, Spanien oder S\u00fcdfrankreich sind. \u00a0Bis etwa Ende Oktober bzw. Anfang November bleiben die Kraniche bis sie in Richtung Niederrhein und dann weiter Richtung S\u00fcden ziehen. Bis dahin kann man sie oft auf den umliegenden, abgeernteten Feldern unserer Region beobachten, wie sie sich <span>Futterreserven f\u00fcr ihren langen Flug in die s\u00fcdlichen Winterquartiere anfressen.<\/span><\/p>\n","protected":false},"excerpt":{"rendered":"<p>Heute morgen landeten die ersten Kraniche dieser Herbstsaison auf den Feldern hinter dem Ferienhaus Kastanienhof. In Sichtweite vom Geh\u00f6ft lie\u00dfen sich knapp hundert &#8222;V\u00f6gel des Gl\u00fccks&#8220; nieder, um nach Nahrung zu suchen. Jedes Jahr im Fr\u00fchjahr und besonders im Herbst landen die Kraniche auf den Feldern hinter dem Kastanienhof. In Sichtweite vom Garten lassen sie &hellip; <a href=\"https:\/\/kastanienhof-langendamm.de\/?p=281\" class=\"more-link\">Weiterlesen <span class=\"screen-reader-text\">Die Kranichsaison hat begonnen<\/span><\/a><\/p>\n","protected":false},"author":1,"featured_media":0,"comment_status":"open","ping_status":"open","sticky":false,"template":"","format":"standard","meta":[],"categories":[1],"tags":[7,8,5,6],"jetpack_featured_media_url":"","_links":{"self":[{"href":"https:\/\/kastanienhof-langendamm.de\/index.php?rest_route=\/wp\/v2\/posts\/281"}],"collection":[{"href":"https:\/\/kastanienhof-langendamm.de\/index.php?rest_route=\/wp\/v2\/posts"}],"about":[{"href":"https:\/\/kastanienhof-langendamm.de\/index.php?rest_route=\/wp\/v2\/types\/post"}],"author":[{"embeddable":true,"href":"https:\/\/kastanienhof-langendamm.de\/index.php?rest_route=\/wp\/v2\/users\/1"}],"replies":[{"embeddable":true,"href":"https:\/\/kastanienhof-langendamm.de\/index.php?rest_route=%2Fwp%2Fv2%2Fcomments&post=281"}],"version-history":[{"count":4,"href":"https:\/\/kastanienhof-langendamm.de\/index.php?rest_route=\/wp\/v2\/posts\/281\/revisions"}],"predecessor-version":[{"id":342,"href":"https:\/\/kastanienhof-langendamm.de\/index.php?rest_route=\/wp\/v2\/posts\/281\/revisions\/342"}],"wp:attachment":[{"href":"https:\/\/kastanienhof-langendamm.de\/index.php?rest_route=%2Fwp%2Fv2%2Fmedia&parent=281"}],"wp:term":[{"taxonomy":"category","embeddable":true,"href":"https:\/\/kastanienhof-langendamm.de\/index.php?rest_route=%2Fwp%2Fv2%2Fcategories&post=281"},{"taxonomy":"post_tag","embeddable":true,"href":"https:\/\/kastanienhof-langendamm.de\/index.php?rest_route=%2Fwp%2Fv2%2Ftags&post=281"}],"curies":[{"name":"wp","href":"https:\/\/api.w.org\/{rel}","templated":true}]}}